{"id":9316,"date":"2021-11-29T10:44:47","date_gmt":"2021-11-29T10:44:47","guid":{"rendered":"https:\/\/www.easy-day.com\/inspirat-en-john-muir-de-korbi-hort\/"},"modified":"2025-02-07T16:14:45","modified_gmt":"2025-02-07T16:14:45","slug":"inspirat-en-john-muir-de-korbi-hort","status":"publish","type":"post","link":"https:\/\/www.easy-day.com\/ca\/inspirat-en-john-muir-de-korbi-hort\/","title":{"rendered":"Inspirat en John Muir | de Korbi Hort"},"content":{"rendered":"<p style=\"text-align: center;\"><em>&#8220;M&#8217;interessa viure nom\u00e9s per atraure la gent a mirar la bellesa de la natura.<\/em><br \/>\n<em>El cel sap que Joan Baptista no tenia m\u00e9s ganes d&#8217;aconseguir tots els seus companys pecadors<br \/>\nal Jord\u00e0 que jo per batejar tots els meus en la bellesa de les muntanyes de D\u00e9u\u201d.<\/em><br \/>\nJOHN MUIR<\/p>\n<p><img fetchpriority=\"high\" decoding=\"async\" class=\"wp-image-6652 aligncenter\" src=\"https:\/\/www.easy-day.com\/wp-content\/uploads\/2021\/11\/John-Muir-225x300.jpg\" alt=\"\" width=\"327\" height=\"436\" srcset=\"https:\/\/www.easy-day.com\/wp-content\/uploads\/2021\/11\/John-Muir-225x300.jpg 225w, https:\/\/www.easy-day.com\/wp-content\/uploads\/2021\/11\/John-Muir.jpg 563w\" sizes=\"(max-width: 327px) 100vw, 327px\" \/><\/p>\n<p>Fa uns dies vaig rebre un correu que em convidava a participar en la votaci\u00f3 del Congr\u00e9s Catal\u00e0. Em va encantar perqu\u00e8 abans m&#8217;havien dit que nom\u00e9s es permeten els espanyols (cosa estrany, ja que visc aqu\u00ed i pago els meus impostos). De totes maneres, genial, ara la pregunta \u00e9s a qui votar? En explorar les meves opcions, estic buscant un partit que no sigui tan antropoc\u00e8ntric en la seva visi\u00f3 i tingui el canvi clim\u00e0tic, la biodiversitat i el benestar dels animals en la seva agenda pol\u00edtica. L&#8217;\u00fanic partit que trobo \u00e9s el PACMA (Partit Animalista Contra el Maltractament dels Animals), per\u00f2 per qualsevol motiu no estan a la llista aqu\u00ed.    <\/p>\n<p>No \u00e9s sorprenent que fins i tot avui, en la nostra era cient\u00edfica, un moment en qu\u00e8 grans parts de la Terra estan clarament en gran perill, la majoria dels partits pol\u00edtics encara ignorin la complexa unitat de tota la vida. No \u00e9s cert que durant molt de temps l&#8217;esp\u00e8cie humana s&#8217;ha vist superior als seus germans i germanes animals? En el seu meravell\u00f3s llibre &#8220;Una breu hist\u00f2ria de la humanitat&#8221;, Yuval Harari assenyala com en la nostra <em>mod\u00e8stia caracter\u00edstica<\/em> hem denominat a la nostra pr\u00f2pia esp\u00e8cie homo (s\u00e0via) sapiens (hum\u00e0).  <\/p>\n<p>El 1916, John Muir, el pare espiritual dels parcs nacionals d&#8217;Am\u00e8rica, ho va observar<br \/>\n<em>\u201c&#8230; l&#8217;objecte de la natura en la fabricaci\u00f3 d&#8217;animals i plantes podria ser, en primer lloc, la felicitat de cadascun d&#8217;ells, no la creaci\u00f3 de tots per a la felicitat d&#8217;un. Per qu\u00e8 l&#8217;home hauria de valorar-se a si mateix com a m\u00e9s que una petita part de l&#8217;\u00fanica gran unitat de creaci\u00f3?<br \/>\n<\/em>Per a John Muir era obvi que un \u00e9sser hum\u00e0 est\u00e0 format nom\u00e9s per elements no humans, com ara aliments, minerals, aire, sol, aigua, avantpassats, tant humans com animals. Per a ell era obvi que tota la vida \u00e9s sagrada. Estic segur que ell tamb\u00e9 es va preguntar per qu\u00e8 no tothom tenia els ulls per veure aix\u00f2? Aix\u00ed que la seva missi\u00f3 a la vida era obrir els ulls de la gent a la bellesa de la naturalesa i despertar la motivaci\u00f3 per protegir-la.<br \/>\n<em>&#8220;M&#8217;interessa viure nom\u00e9s per atraure la gent a mirar la bellesa de la natura. El cel sap que Joan Baptista no tenia m\u00e9s ganes de portar tots els seus companys pecadors al Jord\u00e0 que jo per batejar tots els meus en la bellesa de les muntanyes de D\u00e9u.<\/em><\/p>\n<p>Avui, grans parts de la societat viuen vides urbanes i estan una mica allunyades de la magnific\u00e8ncia de la naturalesa. En els temps de Muir (1838-1914) la majoria de la gent encara vivia molt a prop de la natura. Tanmateix, mentre un noi, estirat als prats de la vall de Yosemite, sentia que estava al cel a la terra, un altre estava tallant les majestuoses Sequoia Redwoods per la carretera. Tan clar: el menyspreu per la vida, no prov\u00e9 d&#8217;estar f\u00edsicament allunyat nom\u00e9s de la natura. Aleshores, qu\u00e8 \u00e9s el que fa que alg\u00fa senti una gran rever\u00e8ncia per la vida, mentre que un altre no? I quin paper podria tenir l&#8217;experi\u00e8ncia de la natura en una transici\u00f3 cap a una humanitat en harmonia amb la vida a la Terra?     <\/p>\n<p><strong>Quatre nocions per llen\u00e7ar!<\/strong><br \/>\nA mitjans dels anys vint em vaig enamorar dels ensenyaments del gran mestre zen Thich Nhat Hanh i em vaig convertir en el seu alumne. Durant un retir de 21 dies anomenat &#8220;L&#8217;al\u00e8 del Buda&#8221; Thay (com l&#8217;anomenen els seus estudiants) va parlar sobre un ensenyament al Sutra del Diamant, on Buda va animar els seus estudiants a investigar les creences b\u00e0siques profundament arracades i a llen\u00e7ar-les si no s\u00f3n certes. El Buda va identificar aquestes creences com a l&#8217;arrel de molt sofriment. El comentari de Thich Nhat Hanh diu:   <\/p>\n<p><em>\u201cLa primera noci\u00f3 que hem de llen\u00e7ar \u00e9s la noci\u00f3 de jo. Hi ha la idea que jo s\u00f3c aquest cos, aquest cos s\u00f3c jo o, aquest cos \u00e9s meu i em pertany. &#8230; No pots existir sense els teus pares, els teus avantpassats, el menjar, l&#8217;aigua, l&#8217;aire, la terra i tota la resta del cosmos.<br \/>\n<\/em><br \/>\n<em>La segona noci\u00f3 que el Sutra del Diamant ens aconsella llen\u00e7ar \u00e9s la noci\u00f3 de persona o \u00e9sser hum\u00e0. Quan mirem l&#8217;\u00e9sser hum\u00e0, veiem avantpassats animals, veiem avantpassats vegetals i minerals. Un hum\u00e0 est\u00e0 format per elements no humans. Si traiem els elements no humans, l&#8217;\u00e9sser hum\u00e0 ja no hi seria. Aquest \u00e9s l&#8217;ensenyament m\u00e9s antic de l&#8217;ecologia profunda. Per protegir l&#8217;\u00e9sser hum\u00e0, cal protegir all\u00f2 que no \u00e9s hum\u00e0. Discriminar entre humans i natura \u00e9s una visi\u00f3 err\u00f2nia.<br \/>\n<\/em><br \/>\n<em>La tercera noci\u00f3 err\u00f2nia \u00e9s la dels \u00e9ssers vius. Distingim els \u00e9ssers vius dels \u00e9ssers no vius. &#8230; Per\u00f2 mirant a fons els \u00e9ssers vius, veiem elements que anomenem \u00e9ssers no vius: plantes i minerals. &#8230; Despr\u00e9s de la meditaci\u00f3 veiem que no hi ha cap frontera real que separi els \u00e9ssers vius dels anomenats \u00e9ssers no vius.<br \/>\n<\/em><br \/>\n<em>La quarta noci\u00f3 que cal llen\u00e7ar \u00e9s la noci\u00f3 d&#8217;esperan\u00e7a de vida. Creiem que naixem en un moment determinat, que morirem en un altre moment, i que entremig hi ha la nostra vida. La majoria de nosaltres creiem que passarem setanta, vuitanta, noranta, cent anys en aquest planeta i despr\u00e9s ens n&#8217;anirem. Per\u00f2 quan mirem profundament, veiem que aquesta \u00e9s una percepci\u00f3 err\u00f2nia. En la nostra ment, n\u00e9ixer vol dir que del no-res ens convertim en alguna cosa, morir vol dir que d&#8217;alguna cosa ens convertim en res; i d&#8217;alg\u00fa ens convertim en ning\u00fa. Per\u00f2 un n\u00favol no pot n\u00e9ixer; ha sortit de l&#8217;aigua dels rius i oceans, i la pols i la calor del sol han ajudat a crear-la. Un n\u00favol no pot morir mai; nom\u00e9s pot convertir-se en pluja o neu. &#8230; El naixement i la mort s\u00f3n nocions que no es poden aplicar a la realitat&#8221;.<br \/>\n<\/em><br \/>\nAquests ensenyaments van tenir un gran impacte en la meva vida. Intu\u00eftivament vaig intuir la seva enorme import\u00e0ncia. Especialment, el consell de llen\u00e7ar la noci\u00f3 de ser un jo personal separat em va agafar i no em va deixar anar. Per\u00f2 com dimonis ho fas? I qu\u00e8 vol dir? Anys m\u00e9s tard, les benediccions de Thay em van portar a Mooji, el meu estimat mestre, que t\u00e9 com a objectiu ajudar els seus estudiants a destruir l&#8217;engany de la persona amb l&#8217;espasa de la perspicacia i la comprensi\u00f3 i una bona part de gr\u00e0cia. A trav\u00e9s de la pr\u00e0ctica de l&#8217;autoinvestigaci\u00f3, la idea de ser una persona, encara que universalment acceptada, s&#8217;exposa a ser ficticia, no factual. La identitat personal \u00e9s una mena de c\u00f2ctel que barreja cultura, condicionament, pensament, mem\u00f2ria, creen\u00e7a, projecci\u00f3, etc. Per\u00f2, si no s\u00f3c una persona, qui o qu\u00e8 s\u00f3c llavors? Una resposta mental no satisf\u00e0.         <\/p>\n<p>Per tant, nom\u00e9s per un moment, fins i tot mentre llegiu aix\u00f2, no toqueu els pensaments sobre el passat, ni les idees que tingueu sobre el futur. Qualsevol pensament sobre el moment present, deixeu-los tamb\u00e9 en pau. Permeteu-vos estar completament buit. Buida de tot judici i presta atenci\u00f3 al que hi ha realment aqu\u00ed. Aqu\u00ed sense esfor\u00e7. Nom\u00e9s sentir. Sentir i sentir la vitalitat interior. Preneu-vos un moment. Nom\u00e9s cal prestar atenci\u00f3 a aquesta sensaci\u00f3 totalment natural de neutralitat buida. Fins i tot sense tocar cap pensament, mem\u00f2ria, imaginaci\u00f3, hist\u00f2ria o identitat, saps que ets aqu\u00ed. Falta alguna cosa? Aquest \u00e9s el sentit de ser. La sensaci\u00f3 de pres\u00e8ncia conscient. Gaudeix de tu mateix.             <\/p>\n<p>Fixeu-vos que aquesta sensaci\u00f3 de ser sempre \u00e9s aqu\u00ed. \u00c9s anterior a la teva persona. La teva persona necessita passat i futur, mem\u00f2ria i projecci\u00f3. Amb la persona sorgeix una mena de m\u00f3n on\u00edric que sembla eclipsar el teu sentit natural de ser pur. Per\u00f2 nom\u00e9s \u00e9s una aparen\u00e7a. Continueu prestant atenci\u00f3 al vostre sentit de ser. No importa la ment. Potser el millor consell que he rebut mai va ser aprendre a ignorar en comptes de lluitar contra la ment (el pensament) i a prestar atenci\u00f3 al meu jo (el sentit no barrejat de ser).       <\/p>\n<p><strong>Batejat a la natura. Batejat al cor. <\/strong><br \/>\nAquest sentiment de ser \u00e9s la quinta ess\u00e8ncia de nosaltres mateixos. \u00c9s l&#8217;experi\u00e8ncia m\u00e9s natural i m\u00e9s satisfact\u00f2ria quan es percep i s&#8217;honra conscientment. Descobrir-ho no \u00e9s dif\u00edcil, per\u00f2 hem de buscar de tot cor, ser humils i savis en el proc\u00e9s. \u00c9s tan natural que l&#8217;hem passat per alt durant molt de temps. Quan un \u00e9sser hum\u00e0 adquireix consci\u00e8ncia d&#8217;aquesta dimensi\u00f3 interior, s&#8217;instal\u00b7la una atracci\u00f3 natural i la nostra atenci\u00f3 \u00e9s atra\u00efda cap al cor (no el cor f\u00edsic, sin\u00f3 el cor espiritual, la vibraci\u00f3 subtil de l&#8217;\u00e9sser, el sentit natural de la pres\u00e8ncia interior). A poc a poc es fa evident que aix\u00f2 \u00e9s el que s\u00f3c. Aqu\u00ed, con\u00e8ixer i <em>ser s\u00f3n<\/em> un. Aqu\u00ed em sento totalment com a casa. Feli\u00e7. Batejat al cor.         <\/p>\n<p>A mesura que l&#8217;atenci\u00f3 madura en el camp del cor, a mesura que la creen\u00e7a en la persona es substitueix gradualment pel sentit impersonal de l&#8217;\u00e9sser, neix la saviesa, neix la pau, la satisfacci\u00f3 torna a ser natural. Ara sabem <em>intu\u00eftivament<\/em> que tots els \u00e9ssers sensibles s\u00f3n un en ess\u00e8ncia. Aquest <em>\u00e9s<\/em> John Muirs <em>&#8220;&#8230;la gran unitat de tota la creaci\u00f3&#8221;<\/em>. Ara que aix\u00f2 ja no \u00e9s una idea conceptual, marca la difer\u00e8ncia. Els nostres h\u00e0bits poden trigar un temps a adaptar-se, per\u00f2 un amor profund i un respecte per tots els \u00e9ssers comen\u00e7a a substituir lentament les nostres maneres egoistes. Naturalment feli\u00e7 i complert. S\u00ed, hem de jugar tots els diferents papers que la vida ens pot requerir. \u00c9s molt natural relacionar-nos i fer la nostra feina, \u00e9s clar. No hem de descartar el m\u00f3n. Jo diria que la feina m\u00e9s important, altruista i satisfact\u00f2ria \u00e9s parar atenci\u00f3 al sentit de ser. Aix\u00ed estem despertant a la nostra pr\u00f2pia naturalesa essencial, posant fi a les maneres crues i grolleres de la identitat personal. La Terra realment no pateix guerres i destrucci\u00f3 ambiental. La Terra pateix l&#8217;ego, que \u00e9s la identitat personal, \u00e9s la causa principal! Quan <em>&#8216;jo s\u00f3c&#8217;<\/em> esdev\u00e9 personal, neixen l&#8217;arrog\u00e0ncia i la ignor\u00e0ncia. La idea de Jo s\u00f3c aquesta persona en la qual creu profundament t\u00e9 el poder de fer cec el m\u00f3n sencer. I d&#8217;alguna manera no podem evitar ser submergits en aquestes aig\u00fces de la ignor\u00e0ncia. Per\u00f2 cr\u00e9ixer tamb\u00e9 pot significar cr\u00e9ixer savi, sortir de l&#8217;estreta presa de la persona. L&#8217;educaci\u00f3 no hauria de tenir un paper important aqu\u00ed?                 <\/p>\n<p>Estar a la natura ens pot ajudar en el proc\u00e9s d&#8217;autoinvestigaci\u00f3, perqu\u00e8 la naturalesa simplement ho \u00e9s. La natura no posa m\u00e9s idees a les nostres ments carregades, sin\u00f3 que ens inspira a ser, a relaxar-nos, a gaudir, a jugar. Som una mena de cos de resson\u00e0ncia com un bon vell Violon Chello. Quan estem a la natura estem en bona companyia, envoltats de pau i bellesa, ens penetra com els raigs del sol s\u00f3n absorbits per una fulla. Aqu\u00ed les nostres arrels de discerniment i atenci\u00f3 interior poden cr\u00e9ixer forts i estables amb m\u00e9s facilitat. A la natura podem observar que tot es cuida d&#8217;alguna manera, desplegant-se, sense for\u00e7ar, en l&#8217;aqu\u00ed i l&#8217;ara. Naturalment, la nostra confian\u00e7a en la vida creix m\u00e9s profunda. A mesura que ens aturem a lluitar per gestionar la vida segons les nostres pr\u00f2pies projeccions, la nostra ment es va buidant i la nostra exist\u00e8ncia es torna lleugera, m\u00e9s espont\u00e0nia i bene\u00efda. I no et preocupis. La vida \u00e9s prou s\u00e0via per mantenir nom\u00e9s una mica de problemes, una mica de lluita, perqu\u00e8 no ens tornem a adormir. Com aquesta gr\u00e0cia ens ajuda a defensar-nos de l&#8217;arrog\u00e0ncia d&#8217;ambd\u00f3s, creient ser senyora o senyor alg\u00fa <em>i<\/em> creure ser senyora o senyor ning\u00fa.          <\/p>\n","protected":false},"excerpt":{"rendered":"<p>&#8220;M&#8217;interessa viure nom\u00e9s per atraure la gent a mirar la bellesa de la natura. El cel sap que Joan Baptista no tenia m\u00e9s ganes d&#8217;aconseguir tots els seus companys pecadors al Jord\u00e0 que jo per batejar tots els meus en la bellesa de les muntanyes de D\u00e9u\u201d. JOHN MUIR Fa uns dies vaig rebre un [&hellip;]<\/p>\n","protected":false},"author":2,"featured_media":9317,"comment_status":"open","ping_status":"open","sticky":false,"template":"","format":"standard","meta":{"footnotes":""},"categories":[238],"tags":[248,242,246,245,239,243,241,240,247,244],"class_list":["post-9316","post","type-post","status-publish","format-standard","has-post-thumbnail","hentry","category-llegeix","tag-aixo-nhat-hanh","tag-aprenentatge-basat-en-la-natura","tag-autoinvestigacio","tag-despertar-al-sentit-de-lesser","tag-easy-day-ca","tag-educacio-per-a-la-sostenibilitat","tag-john-muir-ca","tag-korbi-hort-ca","tag-mooji-ca","tag-presencia"],"yoast_head":"<!-- This site is optimized with the Yoast SEO plugin v27.1.1 - https:\/\/yoast.com\/product\/yoast-seo-wordpress\/ -->\n<title>Inspirat en John Muir | de Korbi Hort - EASY DAY<\/title>\n<meta name=\"description\" content=\"&quot;M&#039;interessa viure nom\u00e9s per atraure la gent a mirar la bellesa de la natura. El cel sap que Joan Baptista no tenia m\u00e9s ganes d&#039;aconseguir tots els seus\" \/>\n<meta name=\"robots\" content=\"index, follow, max-snippet:-1, max-image-preview:large, max-video-preview:-1\" \/>\n<link rel=\"canonical\" href=\"https:\/\/www.easy-day.com\/ca\/inspirat-en-john-muir-de-korbi-hort\/\" \/>\n<meta property=\"og:locale\" content=\"ca_ES\" \/>\n<meta property=\"og:type\" content=\"article\" \/>\n<meta property=\"og:title\" content=\"Inspirat en John Muir | de Korbi Hort - EASY DAY\" \/>\n<meta property=\"og:description\" content=\"&quot;M&#039;interessa viure nom\u00e9s per atraure la gent a mirar la bellesa de la natura. El cel sap que Joan Baptista no tenia m\u00e9s ganes d&#039;aconseguir tots els seus\" \/>\n<meta property=\"og:url\" content=\"https:\/\/www.easy-day.com\/ca\/inspirat-en-john-muir-de-korbi-hort\/\" \/>\n<meta property=\"og:site_name\" content=\"EASY DAY\" \/>\n<meta property=\"article:published_time\" content=\"2021-11-29T10:44:47+00:00\" \/>\n<meta property=\"article:modified_time\" content=\"2025-02-07T16:14:45+00:00\" \/>\n<meta property=\"og:image\" content=\"https:\/\/www.easy-day.com\/wp-content\/uploads\/2021\/11\/John-Muir.jpg\" \/>\n\t<meta property=\"og:image:width\" content=\"563\" \/>\n\t<meta property=\"og:image:height\" content=\"750\" \/>\n\t<meta property=\"og:image:type\" content=\"image\/jpeg\" \/>\n<meta name=\"author\" content=\"korbi hort\" \/>\n<meta name=\"twitter:card\" content=\"summary_large_image\" \/>\n<meta name=\"twitter:label1\" content=\"Escrit per\" \/>\n\t<meta name=\"twitter:data1\" content=\"korbi hort\" \/>\n\t<meta name=\"twitter:label2\" content=\"Temps estimat de lectura\" \/>\n\t<meta name=\"twitter:data2\" content=\"11 minuts\" \/>\n<script type=\"application\/ld+json\" class=\"yoast-schema-graph\">{\"@context\":\"https:\/\/schema.org\",\"@graph\":[{\"@type\":\"Article\",\"@id\":\"https:\/\/www.easy-day.com\/ca\/inspirat-en-john-muir-de-korbi-hort\/#article\",\"isPartOf\":{\"@id\":\"https:\/\/www.easy-day.com\/ca\/inspirat-en-john-muir-de-korbi-hort\/\"},\"author\":{\"name\":\"korbi hort\",\"@id\":\"https:\/\/www.easy-day.com\/ca\/#\/schema\/person\/86a3f8baf73a9b92d5d3f34dfc422a3d\"},\"headline\":\"Inspirat en John Muir | de Korbi Hort\",\"datePublished\":\"2021-11-29T10:44:47+00:00\",\"dateModified\":\"2025-02-07T16:14:45+00:00\",\"mainEntityOfPage\":{\"@id\":\"https:\/\/www.easy-day.com\/ca\/inspirat-en-john-muir-de-korbi-hort\/\"},\"wordCount\":2163,\"commentCount\":0,\"publisher\":{\"@id\":\"https:\/\/www.easy-day.com\/ca\/#organization\"},\"image\":{\"@id\":\"https:\/\/www.easy-day.com\/ca\/inspirat-en-john-muir-de-korbi-hort\/#primaryimage\"},\"thumbnailUrl\":\"https:\/\/www.easy-day.com\/wp-content\/uploads\/2021\/11\/John-Muir.jpg\",\"keywords\":[\"aix\u00f2 nhat hanh\",\"Aprenentatge basat en la natura\",\"autoinvestigaci\u00f3\",\"despertar al sentit de l'\u00e9sser\",\"easy day\",\"educaci\u00f3 per a la sostenibilitat\",\"John Muir\",\"Korbi Hort\",\"mooji\",\"pres\u00e8ncia\"],\"articleSection\":[\"Llegeix\"],\"inLanguage\":\"ca\",\"potentialAction\":[{\"@type\":\"CommentAction\",\"name\":\"Comment\",\"target\":[\"https:\/\/www.easy-day.com\/ca\/inspirat-en-john-muir-de-korbi-hort\/#respond\"]}]},{\"@type\":\"WebPage\",\"@id\":\"https:\/\/www.easy-day.com\/ca\/inspirat-en-john-muir-de-korbi-hort\/\",\"url\":\"https:\/\/www.easy-day.com\/ca\/inspirat-en-john-muir-de-korbi-hort\/\",\"name\":\"Inspirat en John Muir | de Korbi Hort - EASY DAY\",\"isPartOf\":{\"@id\":\"https:\/\/www.easy-day.com\/ca\/#website\"},\"primaryImageOfPage\":{\"@id\":\"https:\/\/www.easy-day.com\/ca\/inspirat-en-john-muir-de-korbi-hort\/#primaryimage\"},\"image\":{\"@id\":\"https:\/\/www.easy-day.com\/ca\/inspirat-en-john-muir-de-korbi-hort\/#primaryimage\"},\"thumbnailUrl\":\"https:\/\/www.easy-day.com\/wp-content\/uploads\/2021\/11\/John-Muir.jpg\",\"datePublished\":\"2021-11-29T10:44:47+00:00\",\"dateModified\":\"2025-02-07T16:14:45+00:00\",\"description\":\"\\\"M'interessa viure nom\u00e9s per atraure la gent a mirar la bellesa de la natura. El cel sap que Joan Baptista no tenia m\u00e9s ganes d'aconseguir tots els seus\",\"breadcrumb\":{\"@id\":\"https:\/\/www.easy-day.com\/ca\/inspirat-en-john-muir-de-korbi-hort\/#breadcrumb\"},\"inLanguage\":\"ca\",\"potentialAction\":[{\"@type\":\"ReadAction\",\"target\":[\"https:\/\/www.easy-day.com\/ca\/inspirat-en-john-muir-de-korbi-hort\/\"]}]},{\"@type\":\"ImageObject\",\"inLanguage\":\"ca\",\"@id\":\"https:\/\/www.easy-day.com\/ca\/inspirat-en-john-muir-de-korbi-hort\/#primaryimage\",\"url\":\"https:\/\/www.easy-day.com\/wp-content\/uploads\/2021\/11\/John-Muir.jpg\",\"contentUrl\":\"https:\/\/www.easy-day.com\/wp-content\/uploads\/2021\/11\/John-Muir.jpg\",\"width\":563,\"height\":750},{\"@type\":\"BreadcrumbList\",\"@id\":\"https:\/\/www.easy-day.com\/ca\/inspirat-en-john-muir-de-korbi-hort\/#breadcrumb\",\"itemListElement\":[{\"@type\":\"ListItem\",\"position\":1,\"name\":\"Home\",\"item\":\"https:\/\/www.easy-day.com\/ca\/home-2\/\"},{\"@type\":\"ListItem\",\"position\":2,\"name\":\"Inspirat en John Muir | de Korbi Hort\"}]},{\"@type\":\"WebSite\",\"@id\":\"https:\/\/www.easy-day.com\/ca\/#website\",\"url\":\"https:\/\/www.easy-day.com\/ca\/\",\"name\":\"EASY DAY\",\"description\":\"Adventure Education, Arts, Retreats, Cafe\",\"publisher\":{\"@id\":\"https:\/\/www.easy-day.com\/ca\/#organization\"},\"potentialAction\":[{\"@type\":\"SearchAction\",\"target\":{\"@type\":\"EntryPoint\",\"urlTemplate\":\"https:\/\/www.easy-day.com\/ca\/?s={search_term_string}\"},\"query-input\":{\"@type\":\"PropertyValueSpecification\",\"valueRequired\":true,\"valueName\":\"search_term_string\"}}],\"inLanguage\":\"ca\"},{\"@type\":\"Organization\",\"@id\":\"https:\/\/www.easy-day.com\/ca\/#organization\",\"name\":\"EASY DAY\",\"url\":\"https:\/\/www.easy-day.com\/ca\/\",\"logo\":{\"@type\":\"ImageObject\",\"inLanguage\":\"ca\",\"@id\":\"https:\/\/www.easy-day.com\/ca\/#\/schema\/logo\/image\/\",\"url\":\"https:\/\/www.easy-day.com\/wp-content\/uploads\/2016\/11\/easy_day_logo-01.png\",\"contentUrl\":\"https:\/\/www.easy-day.com\/wp-content\/uploads\/2016\/11\/easy_day_logo-01.png\",\"width\":55,\"height\":55,\"caption\":\"EASY DAY\"},\"image\":{\"@id\":\"https:\/\/www.easy-day.com\/ca\/#\/schema\/logo\/image\/\"}},{\"@type\":\"Person\",\"@id\":\"https:\/\/www.easy-day.com\/ca\/#\/schema\/person\/86a3f8baf73a9b92d5d3f34dfc422a3d\",\"name\":\"korbi hort\",\"image\":{\"@type\":\"ImageObject\",\"inLanguage\":\"ca\",\"@id\":\"https:\/\/www.easy-day.com\/ca\/#\/schema\/person\/image\/\",\"url\":\"https:\/\/secure.gravatar.com\/avatar\/a6d6dd2dd36858309afa3ba6198454fc31615d326e988aa527163151bcc4518b?s=96&d=mm&r=g\",\"contentUrl\":\"https:\/\/secure.gravatar.com\/avatar\/a6d6dd2dd36858309afa3ba6198454fc31615d326e988aa527163151bcc4518b?s=96&d=mm&r=g\",\"caption\":\"korbi hort\"},\"url\":\"https:\/\/www.easy-day.com\/ca\/author\/korbihort\/\"}]}<\/script>\n<!-- \/ Yoast SEO plugin. -->","yoast_head_json":{"title":"Inspirat en John Muir | de Korbi Hort - EASY DAY","description":"\"M'interessa viure nom\u00e9s per atraure la gent a mirar la bellesa de la natura. El cel sap que Joan Baptista no tenia m\u00e9s ganes d'aconseguir tots els seus","robots":{"index":"index","follow":"follow","max-snippet":"max-snippet:-1","max-image-preview":"max-image-preview:large","max-video-preview":"max-video-preview:-1"},"canonical":"https:\/\/www.easy-day.com\/ca\/inspirat-en-john-muir-de-korbi-hort\/","og_locale":"ca_ES","og_type":"article","og_title":"Inspirat en John Muir | de Korbi Hort - EASY DAY","og_description":"\"M'interessa viure nom\u00e9s per atraure la gent a mirar la bellesa de la natura. El cel sap que Joan Baptista no tenia m\u00e9s ganes d'aconseguir tots els seus","og_url":"https:\/\/www.easy-day.com\/ca\/inspirat-en-john-muir-de-korbi-hort\/","og_site_name":"EASY DAY","article_published_time":"2021-11-29T10:44:47+00:00","article_modified_time":"2025-02-07T16:14:45+00:00","og_image":[{"width":563,"height":750,"url":"https:\/\/www.easy-day.com\/wp-content\/uploads\/2021\/11\/John-Muir.jpg","type":"image\/jpeg"}],"author":"korbi hort","twitter_card":"summary_large_image","twitter_misc":{"Escrit per":"korbi hort","Temps estimat de lectura":"11 minuts"},"schema":{"@context":"https:\/\/schema.org","@graph":[{"@type":"Article","@id":"https:\/\/www.easy-day.com\/ca\/inspirat-en-john-muir-de-korbi-hort\/#article","isPartOf":{"@id":"https:\/\/www.easy-day.com\/ca\/inspirat-en-john-muir-de-korbi-hort\/"},"author":{"name":"korbi hort","@id":"https:\/\/www.easy-day.com\/ca\/#\/schema\/person\/86a3f8baf73a9b92d5d3f34dfc422a3d"},"headline":"Inspirat en John Muir | de Korbi Hort","datePublished":"2021-11-29T10:44:47+00:00","dateModified":"2025-02-07T16:14:45+00:00","mainEntityOfPage":{"@id":"https:\/\/www.easy-day.com\/ca\/inspirat-en-john-muir-de-korbi-hort\/"},"wordCount":2163,"commentCount":0,"publisher":{"@id":"https:\/\/www.easy-day.com\/ca\/#organization"},"image":{"@id":"https:\/\/www.easy-day.com\/ca\/inspirat-en-john-muir-de-korbi-hort\/#primaryimage"},"thumbnailUrl":"https:\/\/www.easy-day.com\/wp-content\/uploads\/2021\/11\/John-Muir.jpg","keywords":["aix\u00f2 nhat hanh","Aprenentatge basat en la natura","autoinvestigaci\u00f3","despertar al sentit de l'\u00e9sser","easy day","educaci\u00f3 per a la sostenibilitat","John Muir","Korbi Hort","mooji","pres\u00e8ncia"],"articleSection":["Llegeix"],"inLanguage":"ca","potentialAction":[{"@type":"CommentAction","name":"Comment","target":["https:\/\/www.easy-day.com\/ca\/inspirat-en-john-muir-de-korbi-hort\/#respond"]}]},{"@type":"WebPage","@id":"https:\/\/www.easy-day.com\/ca\/inspirat-en-john-muir-de-korbi-hort\/","url":"https:\/\/www.easy-day.com\/ca\/inspirat-en-john-muir-de-korbi-hort\/","name":"Inspirat en John Muir | de Korbi Hort - EASY DAY","isPartOf":{"@id":"https:\/\/www.easy-day.com\/ca\/#website"},"primaryImageOfPage":{"@id":"https:\/\/www.easy-day.com\/ca\/inspirat-en-john-muir-de-korbi-hort\/#primaryimage"},"image":{"@id":"https:\/\/www.easy-day.com\/ca\/inspirat-en-john-muir-de-korbi-hort\/#primaryimage"},"thumbnailUrl":"https:\/\/www.easy-day.com\/wp-content\/uploads\/2021\/11\/John-Muir.jpg","datePublished":"2021-11-29T10:44:47+00:00","dateModified":"2025-02-07T16:14:45+00:00","description":"\"M'interessa viure nom\u00e9s per atraure la gent a mirar la bellesa de la natura. El cel sap que Joan Baptista no tenia m\u00e9s ganes d'aconseguir tots els seus","breadcrumb":{"@id":"https:\/\/www.easy-day.com\/ca\/inspirat-en-john-muir-de-korbi-hort\/#breadcrumb"},"inLanguage":"ca","potentialAction":[{"@type":"ReadAction","target":["https:\/\/www.easy-day.com\/ca\/inspirat-en-john-muir-de-korbi-hort\/"]}]},{"@type":"ImageObject","inLanguage":"ca","@id":"https:\/\/www.easy-day.com\/ca\/inspirat-en-john-muir-de-korbi-hort\/#primaryimage","url":"https:\/\/www.easy-day.com\/wp-content\/uploads\/2021\/11\/John-Muir.jpg","contentUrl":"https:\/\/www.easy-day.com\/wp-content\/uploads\/2021\/11\/John-Muir.jpg","width":563,"height":750},{"@type":"BreadcrumbList","@id":"https:\/\/www.easy-day.com\/ca\/inspirat-en-john-muir-de-korbi-hort\/#breadcrumb","itemListElement":[{"@type":"ListItem","position":1,"name":"Home","item":"https:\/\/www.easy-day.com\/ca\/home-2\/"},{"@type":"ListItem","position":2,"name":"Inspirat en John Muir | de Korbi Hort"}]},{"@type":"WebSite","@id":"https:\/\/www.easy-day.com\/ca\/#website","url":"https:\/\/www.easy-day.com\/ca\/","name":"EASY DAY","description":"Adventure Education, Arts, Retreats, Cafe","publisher":{"@id":"https:\/\/www.easy-day.com\/ca\/#organization"},"potentialAction":[{"@type":"SearchAction","target":{"@type":"EntryPoint","urlTemplate":"https:\/\/www.easy-day.com\/ca\/?s={search_term_string}"},"query-input":{"@type":"PropertyValueSpecification","valueRequired":true,"valueName":"search_term_string"}}],"inLanguage":"ca"},{"@type":"Organization","@id":"https:\/\/www.easy-day.com\/ca\/#organization","name":"EASY DAY","url":"https:\/\/www.easy-day.com\/ca\/","logo":{"@type":"ImageObject","inLanguage":"ca","@id":"https:\/\/www.easy-day.com\/ca\/#\/schema\/logo\/image\/","url":"https:\/\/www.easy-day.com\/wp-content\/uploads\/2016\/11\/easy_day_logo-01.png","contentUrl":"https:\/\/www.easy-day.com\/wp-content\/uploads\/2016\/11\/easy_day_logo-01.png","width":55,"height":55,"caption":"EASY DAY"},"image":{"@id":"https:\/\/www.easy-day.com\/ca\/#\/schema\/logo\/image\/"}},{"@type":"Person","@id":"https:\/\/www.easy-day.com\/ca\/#\/schema\/person\/86a3f8baf73a9b92d5d3f34dfc422a3d","name":"korbi hort","image":{"@type":"ImageObject","inLanguage":"ca","@id":"https:\/\/www.easy-day.com\/ca\/#\/schema\/person\/image\/","url":"https:\/\/secure.gravatar.com\/avatar\/a6d6dd2dd36858309afa3ba6198454fc31615d326e988aa527163151bcc4518b?s=96&d=mm&r=g","contentUrl":"https:\/\/secure.gravatar.com\/avatar\/a6d6dd2dd36858309afa3ba6198454fc31615d326e988aa527163151bcc4518b?s=96&d=mm&r=g","caption":"korbi hort"},"url":"https:\/\/www.easy-day.com\/ca\/author\/korbihort\/"}]}},"_links":{"self":[{"href":"https:\/\/www.easy-day.com\/ca\/wp-json\/wp\/v2\/posts\/9316","targetHints":{"allow":["GET"]}}],"collection":[{"href":"https:\/\/www.easy-day.com\/ca\/wp-json\/wp\/v2\/posts"}],"about":[{"href":"https:\/\/www.easy-day.com\/ca\/wp-json\/wp\/v2\/types\/post"}],"author":[{"embeddable":true,"href":"https:\/\/www.easy-day.com\/ca\/wp-json\/wp\/v2\/users\/2"}],"replies":[{"embeddable":true,"href":"https:\/\/www.easy-day.com\/ca\/wp-json\/wp\/v2\/comments?post=9316"}],"version-history":[{"count":1,"href":"https:\/\/www.easy-day.com\/ca\/wp-json\/wp\/v2\/posts\/9316\/revisions"}],"predecessor-version":[{"id":9318,"href":"https:\/\/www.easy-day.com\/ca\/wp-json\/wp\/v2\/posts\/9316\/revisions\/9318"}],"wp:featuredmedia":[{"embeddable":true,"href":"https:\/\/www.easy-day.com\/ca\/wp-json\/wp\/v2\/media\/9317"}],"wp:attachment":[{"href":"https:\/\/www.easy-day.com\/ca\/wp-json\/wp\/v2\/media?parent=9316"}],"wp:term":[{"taxonomy":"category","embeddable":true,"href":"https:\/\/www.easy-day.com\/ca\/wp-json\/wp\/v2\/categories?post=9316"},{"taxonomy":"post_tag","embeddable":true,"href":"https:\/\/www.easy-day.com\/ca\/wp-json\/wp\/v2\/tags?post=9316"}],"curies":[{"name":"wp","href":"https:\/\/api.w.org\/{rel}","templated":true}]}}